{"id":61330,"date":"2025-06-27T14:49:54","date_gmt":"2025-06-27T12:49:54","guid":{"rendered":"https:\/\/delorenzoglobal.com\/?p=61330"},"modified":"2025-06-27T17:03:39","modified_gmt":"2025-06-27T15:03:39","slug":"modeles-cognitifs-et-theories-educatives-pour-lapprentissage-technique-pratique","status":"publish","type":"post","link":"https:\/\/delorenzoglobal.com\/fr\/approfondissement\/modeles-cognitifs-et-theories-educatives-pour-lapprentissage-technique-pratique\/","title":{"rendered":"MODELES COGNITIFS ET THEORIES \u00c9DUCATIVES POUR L\u2019APPRENTISSAGE TECHNIQUE PRATIQUE"},"content":{"rendered":"<p>Dans cet article, nous explorons les mod\u00e8les cognitifs et les th\u00e9ories \u00e9ducatives qui ont jet\u00e9 les bases de nombreuses m\u00e9thodes p\u00e9dagogiques modernes, en particulier dans des contextes techniques et pratiques. Il ne s\u2019agit pas simplement d\u2019un tour historique\u202f: nous pensons que comprendre ces approches permet de concevoir des environnements \u00e9ducatifs dynamiques, ax\u00e9s sur la r\u00e9solution de probl\u00e8mes \u2013 essentiels pour les \u00e9tudiants confront\u00e9s aux rapides changements technologiques et sociaux actuels.<\/p>\n<h3><strong>Les racines de l\u2019apprentissage actif : Confucius<\/strong><\/h3>\n<p>Le philosophe chinois Confucius (551\u2013479 av. J.-C.) disait : \u00ab J\u2019entends et j\u2019oublie, je vois et je me souviens, je fais et je comprends \u00bb, capturant l\u2019essence de l\u2019apprentissage actif, au c\u0153ur de nombreuses th\u00e9ories pr\u00e9sent\u00e9es ici.<\/p>\n<h3><strong>John Dewey : Apprendre en faisant<\/strong><\/h3>\n<p>John Dewey (1859\u20131952), philosophe et p\u00e9dagogue am\u00e9ricain, a d\u00e9fendu l\u2019apprentissage par l\u2019exp\u00e9rience. Il soulignait l\u2019importance de l\u2019interaction active entre l\u2019individu et son environnement, insistant sur une \u00e9ducation pratique \u2013 ce que nous appelons aujourd\u2019hui \u00ab learning by doing \u00bb. Ce principe est fondamental dans les approches par projets dans les disciplines techniques, o\u00f9 les \u00e9tudiants acqui\u00e8rent des comp\u00e9tences en manipulant directement outils et mat\u00e9riaux.<\/p>\n<h3><strong>Maria Montessori : Ind\u00e9pendance et exploration<\/strong><\/h3>\n<p>Maria Montessori (1870\u20131952) a propos\u00e9 une m\u00e9thode centr\u00e9e sur l\u2019enfant, ax\u00e9e sur l\u2019ind\u00e9pendance, le choix et les mat\u00e9riaux sensoriels. Bien que son travail ciblait les enfants, ses principes s\u2019appliquent aussi \u00e0 l\u2019apprentissage technique et en laboratoire. Permettre aux apprenants \u2013 enfants ou adultes \u2013 d\u2019explorer \u00e0 leur rythme suscite curiosit\u00e9, r\u00e9solution de probl\u00e8mes et responsabilit\u00e9. Dans les domaines techniques, cela se traduit par des kits modulaires et personnalisables (robotique, m\u00e9catronique, etc.) permettant d\u2019adapter les activit\u00e9s pratiques aux int\u00e9r\u00eats individuels.<\/p>\n<h3><strong>Jean Piaget : Constructivisme et exp\u00e9rience<\/strong><\/h3>\n<p>Jean Piaget (1896\u20131980) a d\u00e9velopp\u00e9 le constructivisme, selon lequel la connaissance \u00e9merge de l\u2019exp\u00e9rience concr\u00e8te. Bien qu\u2019il se soit concentr\u00e9 sur les enfants, ses id\u00e9es soutiennent \u00e9galement l\u2019apprentissage technique en laboratoire, o\u00f9 les \u00e9tudiants manipulent des objets et exp\u00e9rimentent dans un contexte r\u00e9el. Son influence se retrouve dans l\u2019\u00e9ducation STEM actuelle, centr\u00e9e sur des activit\u00e9s concr\u00e8tes et exp\u00e9rimentales.<\/p>\n<h3><strong>Lev Vygotski : La Zone Proximale de D\u00e9veloppement<\/strong><\/h3>\n<p>Lev Vygotski (1896\u20131934) a propos\u00e9 le concept de Zone Proximale de D\u00e9veloppement (ZPD), affirmant que l\u2019apprentissage est plus efficace avec l\u2019aide d\u2019un \u00ab autre plus comp\u00e9tent \u00bb, qu\u2019il s\u2019agisse d\u2019un enseignant ou d\u2019un pair. En laboratoire, le travail en groupe favorise cet apprentissage collaboratif. Les \u00e9tudiants combinent leurs comp\u00e9tences pour r\u00e9soudre des d\u00e9fis techniques complexes tout en s\u2019entraidant.<\/p>\n<h3><strong>Seymour Papert : Constructionnisme et outils num\u00e9riques<\/strong><\/h3>\n<p>Seymour Papert (1928\u20132016), influenc\u00e9 par Piaget, a introduit le constructionnisme, insistant sur la cr\u00e9ation d\u2019artefacts concrets dans l\u2019apprentissage. La construction de robots ou la programmation restent au c\u0153ur de nombreux cours techniques et makerspaces. Papert a \u00e9galement vu dans la technologie un outil de personnalisation de l\u2019apprentissage. Le feedback imm\u00e9diat de la prototypisation et du codage nourrit un cycle d\u2019essais et d\u2019erreurs, favorisant une exp\u00e9rience interactive et dynamique.<\/p>\n<h3><strong>Conclusion<\/strong><\/h3>\n<p>Bien que ces penseurs soient parmi les plus influents dans le domaine de l\u2019\u00e9ducation pratique, d\u2019innombrables autres continuent d\u2019enrichir notre compr\u00e9hension de l\u2019enseignement efficace. Beaucoup d\u2019entre vous font peut-\u00eatre d\u00e9j\u00e0 partie de ce mouvement, testant de nouvelles approches ou formulant de nouvelles th\u00e9ories. \u00c0 vous tous engag\u00e9s dans cette mission essentielle, nous souhaitons plein succ\u00e8s\u202f!<\/p>\n<p>Massimo Temporelli<br \/>\nPr\u00e9sident et fondateur de <a href=\"https:\/\/www.thefablab.it\/\"><span style=\"color: #0000ff;\">TheFabLab<\/span><\/a><\/p>\n<p><img loading=\"lazy\" decoding=\"async\" class=\"alignnone size-medium wp-image-61319\" src=\"https:\/\/delorenzoglobal.com\/wp-content\/uploads\/2025\/06\/De-Lorenzo-1960-300x225.jpg\" alt=\"\" width=\"300\" height=\"225\" srcset=\"https:\/\/delorenzoglobal.com\/wp-content\/uploads\/2025\/06\/De-Lorenzo-1960-300x225.jpg 300w, https:\/\/delorenzoglobal.com\/wp-content\/uploads\/2025\/06\/De-Lorenzo-1960-1024x768.jpg 1024w, https:\/\/delorenzoglobal.com\/wp-content\/uploads\/2025\/06\/De-Lorenzo-1960-768x576.jpg 768w, https:\/\/delorenzoglobal.com\/wp-content\/uploads\/2025\/06\/De-Lorenzo-1960-1536x1152.jpg 1536w, https:\/\/delorenzoglobal.com\/wp-content\/uploads\/2025\/06\/De-Lorenzo-1960-2048x1536.jpg 2048w, https:\/\/delorenzoglobal.com\/wp-content\/uploads\/2025\/06\/De-Lorenzo-1960-600x450.jpg 600w\" sizes=\"(max-width: 300px) 100vw, 300px\" \/><\/p>\n","protected":false},"excerpt":{"rendered":"<p>Dans cet article, nous explorons les mod\u00e8les cognitifs et les th\u00e9ories \u00e9ducatives qui ont jet\u00e9 les bases de nombreuses m\u00e9thodes p\u00e9dagogiques modernes, en particulier dans des contextes techniques et pratiques. Il ne s\u2019agit pas simplement d\u2019un tour historique\u202f: nous pensons que comprendre ces approches permet de concevoir des environnements \u00e9ducatifs dynamiques, ax\u00e9s sur la r\u00e9solution [&hellip;]<\/p>\n","protected":false},"author":2,"featured_media":61323,"comment_status":"closed","ping_status":"open","sticky":false,"template":"","format":"standard","meta":{"_acf_changed":false,"footnotes":""},"categories":[481],"tags":[],"class_list":["post-61330","post","type-post","status-publish","format-standard","has-post-thumbnail","hentry","category-approfondissement"],"acf":[],"yoast_head":"<!-- This site is optimized with the Yoast SEO plugin v27.4 - https:\/\/yoast.com\/product\/yoast-seo-wordpress\/ -->\n<title>MODELES COGNITIFS ET THEORIES \u00c9DUCATIVES POUR L\u2019APPRENTISSAGE TECHNIQUE PRATIQUE - De Lorenzo Training &amp; Didactical Equipment<\/title>\n<meta name=\"robots\" content=\"index, follow, max-snippet:-1, max-image-preview:large, max-video-preview:-1\" \/>\n<link rel=\"canonical\" href=\"https:\/\/delorenzoglobal.com\/fr\/approfondissement\/modeles-cognitifs-et-theories-educatives-pour-lapprentissage-technique-pratique\/\" \/>\n<meta property=\"og:locale\" content=\"fr_FR\" \/>\n<meta property=\"og:type\" content=\"article\" \/>\n<meta property=\"og:title\" content=\"MODELES COGNITIFS ET THEORIES \u00c9DUCATIVES POUR L\u2019APPRENTISSAGE TECHNIQUE PRATIQUE - De Lorenzo Training &amp; Didactical Equipment\" \/>\n<meta property=\"og:description\" content=\"Dans cet article, nous explorons les mod\u00e8les cognitifs et les th\u00e9ories \u00e9ducatives qui ont jet\u00e9 les bases de nombreuses m\u00e9thodes p\u00e9dagogiques modernes, en particulier dans des contextes techniques et pratiques. Il ne s\u2019agit pas simplement d\u2019un tour historique\u202f: nous pensons que comprendre ces approches permet de concevoir des environnements \u00e9ducatifs dynamiques, ax\u00e9s sur la r\u00e9solution [&hellip;]\" \/>\n<meta property=\"og:url\" content=\"https:\/\/delorenzoglobal.com\/fr\/approfondissement\/modeles-cognitifs-et-theories-educatives-pour-lapprentissage-technique-pratique\/\" \/>\n<meta property=\"og:site_name\" content=\"De Lorenzo Training &amp; Didactical Equipment\" \/>\n<meta property=\"article:published_time\" content=\"2025-06-27T12:49:54+00:00\" \/>\n<meta property=\"article:modified_time\" content=\"2025-06-27T15:03:39+00:00\" \/>\n<meta property=\"og:image\" content=\"https:\/\/delorenzoglobal.com\/wp-content\/uploads\/2025\/06\/De-lorenzo-Prima-scaled.jpg\" \/>\n\t<meta property=\"og:image:width\" content=\"2560\" \/>\n\t<meta property=\"og:image:height\" content=\"1702\" \/>\n\t<meta property=\"og:image:type\" content=\"image\/jpeg\" \/>\n<meta name=\"author\" content=\"Gianluca Betti\" \/>\n<meta name=\"twitter:card\" content=\"summary_large_image\" \/>\n<meta name=\"twitter:label1\" content=\"\u00c9crit par\" \/>\n\t<meta name=\"twitter:data1\" content=\"Gianluca Betti\" \/>\n\t<meta name=\"twitter:label2\" content=\"Dur\u00e9e de lecture estim\u00e9e\" \/>\n\t<meta name=\"twitter:data2\" content=\"3 minutes\" \/>\n<script type=\"application\/ld+json\" class=\"yoast-schema-graph\">{\"@context\":\"https:\\\/\\\/schema.org\",\"@graph\":[{\"@type\":\"Article\",\"@id\":\"https:\\\/\\\/delorenzoglobal.com\\\/fr\\\/approfondissement\\\/modeles-cognitifs-et-theories-educatives-pour-lapprentissage-technique-pratique\\\/#article\",\"isPartOf\":{\"@id\":\"https:\\\/\\\/delorenzoglobal.com\\\/fr\\\/approfondissement\\\/modeles-cognitifs-et-theories-educatives-pour-lapprentissage-technique-pratique\\\/\"},\"author\":{\"name\":\"Gianluca Betti\",\"@id\":\"https:\\\/\\\/delorenzoglobal.com\\\/fr\\\/#\\\/schema\\\/person\\\/8b97b04751f6a03854389f373cf9b862\"},\"headline\":\"MODELES COGNITIFS ET THEORIES \u00c9DUCATIVES POUR L\u2019APPRENTISSAGE TECHNIQUE PRATIQUE\",\"datePublished\":\"2025-06-27T12:49:54+00:00\",\"dateModified\":\"2025-06-27T15:03:39+00:00\",\"mainEntityOfPage\":{\"@id\":\"https:\\\/\\\/delorenzoglobal.com\\\/fr\\\/approfondissement\\\/modeles-cognitifs-et-theories-educatives-pour-lapprentissage-technique-pratique\\\/\"},\"wordCount\":623,\"image\":{\"@id\":\"https:\\\/\\\/delorenzoglobal.com\\\/fr\\\/approfondissement\\\/modeles-cognitifs-et-theories-educatives-pour-lapprentissage-technique-pratique\\\/#primaryimage\"},\"thumbnailUrl\":\"https:\\\/\\\/delorenzoglobal.com\\\/wp-content\\\/uploads\\\/2025\\\/06\\\/De-lorenzo-Prima-scaled.jpg\",\"articleSection\":[\"Blog\"],\"inLanguage\":\"fr-FR\"},{\"@type\":\"WebPage\",\"@id\":\"https:\\\/\\\/delorenzoglobal.com\\\/fr\\\/approfondissement\\\/modeles-cognitifs-et-theories-educatives-pour-lapprentissage-technique-pratique\\\/\",\"url\":\"https:\\\/\\\/delorenzoglobal.com\\\/fr\\\/approfondissement\\\/modeles-cognitifs-et-theories-educatives-pour-lapprentissage-technique-pratique\\\/\",\"name\":\"MODELES COGNITIFS ET THEORIES \u00c9DUCATIVES POUR L\u2019APPRENTISSAGE TECHNIQUE PRATIQUE - De Lorenzo Training &amp; Didactical Equipment\",\"isPartOf\":{\"@id\":\"https:\\\/\\\/delorenzoglobal.com\\\/fr\\\/#website\"},\"primaryImageOfPage\":{\"@id\":\"https:\\\/\\\/delorenzoglobal.com\\\/fr\\\/approfondissement\\\/modeles-cognitifs-et-theories-educatives-pour-lapprentissage-technique-pratique\\\/#primaryimage\"},\"image\":{\"@id\":\"https:\\\/\\\/delorenzoglobal.com\\\/fr\\\/approfondissement\\\/modeles-cognitifs-et-theories-educatives-pour-lapprentissage-technique-pratique\\\/#primaryimage\"},\"thumbnailUrl\":\"https:\\\/\\\/delorenzoglobal.com\\\/wp-content\\\/uploads\\\/2025\\\/06\\\/De-lorenzo-Prima-scaled.jpg\",\"datePublished\":\"2025-06-27T12:49:54+00:00\",\"dateModified\":\"2025-06-27T15:03:39+00:00\",\"author\":{\"@id\":\"https:\\\/\\\/delorenzoglobal.com\\\/fr\\\/#\\\/schema\\\/person\\\/8b97b04751f6a03854389f373cf9b862\"},\"breadcrumb\":{\"@id\":\"https:\\\/\\\/delorenzoglobal.com\\\/fr\\\/approfondissement\\\/modeles-cognitifs-et-theories-educatives-pour-lapprentissage-technique-pratique\\\/#breadcrumb\"},\"inLanguage\":\"fr-FR\",\"potentialAction\":[{\"@type\":\"ReadAction\",\"target\":[\"https:\\\/\\\/delorenzoglobal.com\\\/fr\\\/approfondissement\\\/modeles-cognitifs-et-theories-educatives-pour-lapprentissage-technique-pratique\\\/\"]}]},{\"@type\":\"ImageObject\",\"inLanguage\":\"fr-FR\",\"@id\":\"https:\\\/\\\/delorenzoglobal.com\\\/fr\\\/approfondissement\\\/modeles-cognitifs-et-theories-educatives-pour-lapprentissage-technique-pratique\\\/#primaryimage\",\"url\":\"https:\\\/\\\/delorenzoglobal.com\\\/wp-content\\\/uploads\\\/2025\\\/06\\\/De-lorenzo-Prima-scaled.jpg\",\"contentUrl\":\"https:\\\/\\\/delorenzoglobal.com\\\/wp-content\\\/uploads\\\/2025\\\/06\\\/De-lorenzo-Prima-scaled.jpg\",\"width\":2560,\"height\":1702},{\"@type\":\"BreadcrumbList\",\"@id\":\"https:\\\/\\\/delorenzoglobal.com\\\/fr\\\/approfondissement\\\/modeles-cognitifs-et-theories-educatives-pour-lapprentissage-technique-pratique\\\/#breadcrumb\",\"itemListElement\":[{\"@type\":\"ListItem\",\"position\":1,\"name\":\"Home\",\"item\":\"https:\\\/\\\/delorenzoglobal.com\\\/fr\\\/\"},{\"@type\":\"ListItem\",\"position\":2,\"name\":\"MODELES COGNITIFS ET THEORIES \u00c9DUCATIVES POUR L\u2019APPRENTISSAGE TECHNIQUE PRATIQUE\"}]},{\"@type\":\"WebSite\",\"@id\":\"https:\\\/\\\/delorenzoglobal.com\\\/fr\\\/#website\",\"url\":\"https:\\\/\\\/delorenzoglobal.com\\\/fr\\\/\",\"name\":\"De Lorenzo Training &amp; Didactical Equipment\",\"description\":\"\",\"potentialAction\":[{\"@type\":\"SearchAction\",\"target\":{\"@type\":\"EntryPoint\",\"urlTemplate\":\"https:\\\/\\\/delorenzoglobal.com\\\/fr\\\/?s={search_term_string}\"},\"query-input\":{\"@type\":\"PropertyValueSpecification\",\"valueRequired\":true,\"valueName\":\"search_term_string\"}}],\"inLanguage\":\"fr-FR\"},{\"@type\":\"Person\",\"@id\":\"https:\\\/\\\/delorenzoglobal.com\\\/fr\\\/#\\\/schema\\\/person\\\/8b97b04751f6a03854389f373cf9b862\",\"name\":\"Gianluca Betti\",\"url\":\"https:\\\/\\\/delorenzoglobal.com\\\/fr\\\/author\\\/g-betti\\\/\"}]}<\/script>\n<!-- \/ Yoast SEO plugin. -->","yoast_head_json":{"title":"MODELES COGNITIFS ET THEORIES \u00c9DUCATIVES POUR L\u2019APPRENTISSAGE TECHNIQUE PRATIQUE - De Lorenzo Training &amp; Didactical Equipment","robots":{"index":"index","follow":"follow","max-snippet":"max-snippet:-1","max-image-preview":"max-image-preview:large","max-video-preview":"max-video-preview:-1"},"canonical":"https:\/\/delorenzoglobal.com\/fr\/approfondissement\/modeles-cognitifs-et-theories-educatives-pour-lapprentissage-technique-pratique\/","og_locale":"fr_FR","og_type":"article","og_title":"MODELES COGNITIFS ET THEORIES \u00c9DUCATIVES POUR L\u2019APPRENTISSAGE TECHNIQUE PRATIQUE - De Lorenzo Training &amp; Didactical Equipment","og_description":"Dans cet article, nous explorons les mod\u00e8les cognitifs et les th\u00e9ories \u00e9ducatives qui ont jet\u00e9 les bases de nombreuses m\u00e9thodes p\u00e9dagogiques modernes, en particulier dans des contextes techniques et pratiques. Il ne s\u2019agit pas simplement d\u2019un tour historique\u202f: nous pensons que comprendre ces approches permet de concevoir des environnements \u00e9ducatifs dynamiques, ax\u00e9s sur la r\u00e9solution [&hellip;]","og_url":"https:\/\/delorenzoglobal.com\/fr\/approfondissement\/modeles-cognitifs-et-theories-educatives-pour-lapprentissage-technique-pratique\/","og_site_name":"De Lorenzo Training &amp; Didactical Equipment","article_published_time":"2025-06-27T12:49:54+00:00","article_modified_time":"2025-06-27T15:03:39+00:00","og_image":[{"width":2560,"height":1702,"url":"https:\/\/delorenzoglobal.com\/wp-content\/uploads\/2025\/06\/De-lorenzo-Prima-scaled.jpg","type":"image\/jpeg"}],"author":"Gianluca Betti","twitter_card":"summary_large_image","twitter_misc":{"\u00c9crit par":"Gianluca Betti","Dur\u00e9e de lecture estim\u00e9e":"3 minutes"},"schema":{"@context":"https:\/\/schema.org","@graph":[{"@type":"Article","@id":"https:\/\/delorenzoglobal.com\/fr\/approfondissement\/modeles-cognitifs-et-theories-educatives-pour-lapprentissage-technique-pratique\/#article","isPartOf":{"@id":"https:\/\/delorenzoglobal.com\/fr\/approfondissement\/modeles-cognitifs-et-theories-educatives-pour-lapprentissage-technique-pratique\/"},"author":{"name":"Gianluca Betti","@id":"https:\/\/delorenzoglobal.com\/fr\/#\/schema\/person\/8b97b04751f6a03854389f373cf9b862"},"headline":"MODELES COGNITIFS ET THEORIES \u00c9DUCATIVES POUR L\u2019APPRENTISSAGE TECHNIQUE PRATIQUE","datePublished":"2025-06-27T12:49:54+00:00","dateModified":"2025-06-27T15:03:39+00:00","mainEntityOfPage":{"@id":"https:\/\/delorenzoglobal.com\/fr\/approfondissement\/modeles-cognitifs-et-theories-educatives-pour-lapprentissage-technique-pratique\/"},"wordCount":623,"image":{"@id":"https:\/\/delorenzoglobal.com\/fr\/approfondissement\/modeles-cognitifs-et-theories-educatives-pour-lapprentissage-technique-pratique\/#primaryimage"},"thumbnailUrl":"https:\/\/delorenzoglobal.com\/wp-content\/uploads\/2025\/06\/De-lorenzo-Prima-scaled.jpg","articleSection":["Blog"],"inLanguage":"fr-FR"},{"@type":"WebPage","@id":"https:\/\/delorenzoglobal.com\/fr\/approfondissement\/modeles-cognitifs-et-theories-educatives-pour-lapprentissage-technique-pratique\/","url":"https:\/\/delorenzoglobal.com\/fr\/approfondissement\/modeles-cognitifs-et-theories-educatives-pour-lapprentissage-technique-pratique\/","name":"MODELES COGNITIFS ET THEORIES \u00c9DUCATIVES POUR L\u2019APPRENTISSAGE TECHNIQUE PRATIQUE - De Lorenzo Training &amp; Didactical Equipment","isPartOf":{"@id":"https:\/\/delorenzoglobal.com\/fr\/#website"},"primaryImageOfPage":{"@id":"https:\/\/delorenzoglobal.com\/fr\/approfondissement\/modeles-cognitifs-et-theories-educatives-pour-lapprentissage-technique-pratique\/#primaryimage"},"image":{"@id":"https:\/\/delorenzoglobal.com\/fr\/approfondissement\/modeles-cognitifs-et-theories-educatives-pour-lapprentissage-technique-pratique\/#primaryimage"},"thumbnailUrl":"https:\/\/delorenzoglobal.com\/wp-content\/uploads\/2025\/06\/De-lorenzo-Prima-scaled.jpg","datePublished":"2025-06-27T12:49:54+00:00","dateModified":"2025-06-27T15:03:39+00:00","author":{"@id":"https:\/\/delorenzoglobal.com\/fr\/#\/schema\/person\/8b97b04751f6a03854389f373cf9b862"},"breadcrumb":{"@id":"https:\/\/delorenzoglobal.com\/fr\/approfondissement\/modeles-cognitifs-et-theories-educatives-pour-lapprentissage-technique-pratique\/#breadcrumb"},"inLanguage":"fr-FR","potentialAction":[{"@type":"ReadAction","target":["https:\/\/delorenzoglobal.com\/fr\/approfondissement\/modeles-cognitifs-et-theories-educatives-pour-lapprentissage-technique-pratique\/"]}]},{"@type":"ImageObject","inLanguage":"fr-FR","@id":"https:\/\/delorenzoglobal.com\/fr\/approfondissement\/modeles-cognitifs-et-theories-educatives-pour-lapprentissage-technique-pratique\/#primaryimage","url":"https:\/\/delorenzoglobal.com\/wp-content\/uploads\/2025\/06\/De-lorenzo-Prima-scaled.jpg","contentUrl":"https:\/\/delorenzoglobal.com\/wp-content\/uploads\/2025\/06\/De-lorenzo-Prima-scaled.jpg","width":2560,"height":1702},{"@type":"BreadcrumbList","@id":"https:\/\/delorenzoglobal.com\/fr\/approfondissement\/modeles-cognitifs-et-theories-educatives-pour-lapprentissage-technique-pratique\/#breadcrumb","itemListElement":[{"@type":"ListItem","position":1,"name":"Home","item":"https:\/\/delorenzoglobal.com\/fr\/"},{"@type":"ListItem","position":2,"name":"MODELES COGNITIFS ET THEORIES \u00c9DUCATIVES POUR L\u2019APPRENTISSAGE TECHNIQUE PRATIQUE"}]},{"@type":"WebSite","@id":"https:\/\/delorenzoglobal.com\/fr\/#website","url":"https:\/\/delorenzoglobal.com\/fr\/","name":"De Lorenzo Training &amp; Didactical Equipment","description":"","potentialAction":[{"@type":"SearchAction","target":{"@type":"EntryPoint","urlTemplate":"https:\/\/delorenzoglobal.com\/fr\/?s={search_term_string}"},"query-input":{"@type":"PropertyValueSpecification","valueRequired":true,"valueName":"search_term_string"}}],"inLanguage":"fr-FR"},{"@type":"Person","@id":"https:\/\/delorenzoglobal.com\/fr\/#\/schema\/person\/8b97b04751f6a03854389f373cf9b862","name":"Gianluca Betti","url":"https:\/\/delorenzoglobal.com\/fr\/author\/g-betti\/"}]}},"_links":{"self":[{"href":"https:\/\/delorenzoglobal.com\/fr\/wp-json\/wp\/v2\/posts\/61330","targetHints":{"allow":["GET"]}}],"collection":[{"href":"https:\/\/delorenzoglobal.com\/fr\/wp-json\/wp\/v2\/posts"}],"about":[{"href":"https:\/\/delorenzoglobal.com\/fr\/wp-json\/wp\/v2\/types\/post"}],"author":[{"embeddable":true,"href":"https:\/\/delorenzoglobal.com\/fr\/wp-json\/wp\/v2\/users\/2"}],"replies":[{"embeddable":true,"href":"https:\/\/delorenzoglobal.com\/fr\/wp-json\/wp\/v2\/comments?post=61330"}],"version-history":[{"count":4,"href":"https:\/\/delorenzoglobal.com\/fr\/wp-json\/wp\/v2\/posts\/61330\/revisions"}],"predecessor-version":[{"id":61350,"href":"https:\/\/delorenzoglobal.com\/fr\/wp-json\/wp\/v2\/posts\/61330\/revisions\/61350"}],"wp:featuredmedia":[{"embeddable":true,"href":"https:\/\/delorenzoglobal.com\/fr\/wp-json\/wp\/v2\/media\/61323"}],"wp:attachment":[{"href":"https:\/\/delorenzoglobal.com\/fr\/wp-json\/wp\/v2\/media?parent=61330"}],"wp:term":[{"taxonomy":"category","embeddable":true,"href":"https:\/\/delorenzoglobal.com\/fr\/wp-json\/wp\/v2\/categories?post=61330"},{"taxonomy":"post_tag","embeddable":true,"href":"https:\/\/delorenzoglobal.com\/fr\/wp-json\/wp\/v2\/tags?post=61330"}],"curies":[{"name":"wp","href":"https:\/\/api.w.org\/{rel}","templated":true}]}}